{"id":1304,"date":"2022-06-02T15:15:47","date_gmt":"2022-06-02T13:15:47","guid":{"rendered":"https:\/\/zikmundovavila.cz\/62-zlin-film-festival-tentokrat-i-v-zikmundove-vile\/"},"modified":"2022-06-02T15:15:47","modified_gmt":"2022-06-02T13:15:47","slug":"62-zlin-film-festival-tentokrat-i-v-zikmundove-vile","status":"publish","type":"post","link":"https:\/\/zikmundovavila.cz\/en\/62-zlin-film-festival-tentokrat-i-v-zikmundove-vile","title":{"rendered":"62. Zl\u00edn Film Festival \u2013 tentokr\u00e1t i v Zikmundov\u011b vile"},"content":{"rendered":"<p><strong>Ve dnech 26. \u010dervna \u2013 1. \u010dervence 2022 Zl\u00edn po dvaa\u0161edes\u00e1t\u00e9 o\u017eil filmem pro d\u011bti a ml\u00e1de\u017e. D\u00edky podpo\u0159e Fond\u016f EHP se letos program filmov\u00fdch profesion\u00e1l\u016f odehr\u00e1val i v prostor\u00e1ch Zikmundovy vily.<\/strong><\/p>\n<p>Domov cestovatele Miroslava Zikmunda si p\u0159i\u0161lo v pr\u016fb\u011bhu <a href=\"https:\/\/www.zlinfest.cz\/\" target=\"_blank\" rel=\"noopener\">Zl\u00edn Film Festivalu<\/a> prohl\u00e9dnout t\u00e9m\u011b\u0159 80 host\u016f. Krom\u011b herc\u016f, producent\u016f a festivalov\u00fdch porotc\u016f do vily zav\u00edtal nap\u0159\u00edklad trojn\u00e1sobn\u00fd mistr sv\u011bta a b\u00fdval\u00fd sv\u011btov\u00fd rekordman v desetiboji, Tom\u00e1\u0161 Dvo\u0159\u00e1k, konzulka Ukrajiny, pan\u00ed Anna Proshko nebo Michal Stehl\u00edk a Martin Groman, kte\u0159\u00ed v pr\u016fb\u011bhu prohl\u00eddky nato\u010dili speci\u00e1ln\u00ed d\u00edl sv\u00e9ho podcastu <a href=\"https:\/\/prepistedejiny.cz\/2022\/06\/17\/bonus-z-vily-miroslava-zikmunda\/\" target=\"_blank\" rel=\"noopener\">P\u0159epi\u0161te d\u011bjiny<\/a>.<\/p>\n<p>Zikmundova vila m\u00e1 k audiovizi bl\u00ed\u017e, ne\u017e se na prvn\u00ed pohled m\u016f\u017ee zd\u00e1t. Projektant domu, firma Ba\u0165a a. s. v \u010dele s Janem Anton\u00ednem Ba\u0165ou postavila ve Zl\u00edn\u011b vlastn\u00ed filmov\u00e9 ateli\u00e9ry. Prvn\u00ed obyvatel vily, okresn\u00ed hejtman Josef Janu\u0161t\u00edk byl \u010dlenem v\u00fdboru prvn\u00edch zl\u00ednsk\u00fdch Filmov\u00fdch \u017en\u00ed a \u010dlenem \u010destn\u00e9ho v\u00fdboru jejich druh\u00e9ho ro\u010dn\u00edku. Prvn\u00ed soukrom\u00fd majitel domu na Niv\u00e1ch, Elmar Klos, se \u017eivil jako filmov\u00fd re\u017eis\u00e9r a scen\u00e1rista. Za sn\u00edmek Obchod na korze byl i se sv\u00fdm kolegou J\u00e1nem Kad\u00e1rem ocen\u011bn so\u0161kou Oscara. Ve filmov\u00e9 tvorb\u011b, ov\u0161em tentokr\u00e1t v oblasti cestopisu a report\u00e1\u017e\u00ed, m\u011bl v\u00fdznamn\u00e9 postaven\u00ed i druh\u00fd majitel vily, Miroslav Zikmund, kter\u00fd spole\u010dn\u011b s par\u0165\u00e1kem Ji\u0159\u00edm Hanzelkou nato\u010dil 4 celove\u010dern\u00ed a 147 kr\u00e1tk\u00fdch film\u016f. Festivalov\u00ed host\u00e9 se tak m\u011bli mo\u017enost sezn\u00e1mit nejen s unik\u00e1tn\u00ed architekturou, ale tak\u00e9 s histori\u00ed filmov\u00e9 tradice, kter\u00e1 m\u00e1 ve Zl\u00edn\u011b bezm\u00e1la 100 let.<\/p>\n","protected":false},"excerpt":{"rendered":"<p>Ve dnech 26. \u010dervna \u2013 1. \u010dervence 2022 Zl\u00edn po dvaa\u0161edes\u00e1t\u00e9 o\u017eil filmem pro d\u011bti a ml\u00e1de\u017e. D\u00edky podpo\u0159e Fond\u016f [&hellip;]<\/p>\n","protected":false},"author":1,"featured_media":1204,"comment_status":"closed","ping_status":"closed","sticky":false,"template":"","format":"standard","meta":{"inline_featured_image":false,"footnotes":""},"categories":[44],"tags":[],"acf":[],"yoast_head":"<!-- This site is optimized with the Yoast SEO plugin v21.3 - https:\/\/yoast.com\/wordpress\/plugins\/seo\/ -->\n<title>62. Zl\u00edn Film Festival \u2013 tentokr\u00e1t i v Zikmundov\u011b vile | Zikmundova vila<\/title>\n<meta name=\"robots\" content=\"index, follow, max-snippet:-1, max-image-preview:large, max-video-preview:-1\" \/>\n<link rel=\"canonical\" href=\"https:\/\/zikmundovavila.cz\/en\/62-zlin-film-festival-tentokrat-i-v-zikmundove-vile\" \/>\n<meta property=\"og:locale\" content=\"en_US\" \/>\n<meta property=\"og:type\" content=\"article\" \/>\n<meta property=\"og:title\" content=\"62. Zl\u00edn Film Festival \u2013 tentokr\u00e1t i v Zikmundov\u011b vile | Zikmundova vila\" \/>\n<meta property=\"og:description\" content=\"Ve dnech 26. \u010dervna \u2013 1. \u010dervence 2022 Zl\u00edn po dvaa\u0161edes\u00e1t\u00e9 o\u017eil filmem pro d\u011bti a ml\u00e1de\u017e. D\u00edky podpo\u0159e Fond\u016f [&hellip;]\" \/>\n<meta property=\"og:url\" content=\"https:\/\/zikmundovavila.cz\/en\/62-zlin-film-festival-tentokrat-i-v-zikmundove-vile\" \/>\n<meta property=\"og:site_name\" content=\"Zikmundova vila\" \/>\n<meta property=\"article:published_time\" content=\"2022-06-02T13:15:47+00:00\" \/>\n<meta property=\"og:image\" content=\"https:\/\/zikmundovavila.cz\/wp-content\/uploads\/2022\/06\/NTD_4748.jpg\" \/>\n\t<meta property=\"og:image:width\" content=\"2200\" \/>\n\t<meta property=\"og:image:height\" content=\"1467\" \/>\n\t<meta property=\"og:image:type\" content=\"image\/jpeg\" \/>\n<meta name=\"author\" content=\"ulc\" \/>\n<meta name=\"twitter:card\" content=\"summary_large_image\" \/>\n<meta name=\"twitter:label1\" content=\"Written by\" \/>\n\t<meta name=\"twitter:data1\" content=\"ulc\" \/>\n\t<meta name=\"twitter:label2\" content=\"Est. reading time\" \/>\n\t<meta name=\"twitter:data2\" content=\"2 minutes\" \/>\n<script type=\"application\/ld+json\" class=\"yoast-schema-graph\">{\"@context\":\"https:\/\/schema.org\",\"@graph\":[{\"@type\":\"Article\",\"@id\":\"https:\/\/zikmundovavila.cz\/en\/62-zlin-film-festival-tentokrat-i-v-zikmundove-vile#article\",\"isPartOf\":{\"@id\":\"https:\/\/zikmundovavila.cz\/en\/62-zlin-film-festival-tentokrat-i-v-zikmundove-vile\"},\"author\":{\"name\":\"ulc\",\"@id\":\"https:\/\/zikmundovavila.cz\/en#\/schema\/person\/82f531b8ba8a91b9430b0777c2057419\"},\"headline\":\"62. Zl\u00edn Film Festival \u2013 tentokr\u00e1t i v Zikmundov\u011b vile\",\"datePublished\":\"2022-06-02T13:15:47+00:00\",\"dateModified\":\"2022-06-02T13:15:47+00:00\",\"mainEntityOfPage\":{\"@id\":\"https:\/\/zikmundovavila.cz\/en\/62-zlin-film-festival-tentokrat-i-v-zikmundove-vile\"},\"wordCount\":314,\"publisher\":{\"@id\":\"https:\/\/zikmundovavila.cz\/en#organization\"},\"articleSection\":[\"Actuality\"],\"inLanguage\":\"en-US\"},{\"@type\":\"WebPage\",\"@id\":\"https:\/\/zikmundovavila.cz\/en\/62-zlin-film-festival-tentokrat-i-v-zikmundove-vile\",\"url\":\"https:\/\/zikmundovavila.cz\/en\/62-zlin-film-festival-tentokrat-i-v-zikmundove-vile\",\"name\":\"62. Zl\u00edn Film Festival \u2013 tentokr\u00e1t i v Zikmundov\u011b vile | Zikmundova vila\",\"isPartOf\":{\"@id\":\"https:\/\/zikmundovavila.cz\/en#website\"},\"datePublished\":\"2022-06-02T13:15:47+00:00\",\"dateModified\":\"2022-06-02T13:15:47+00:00\",\"breadcrumb\":{\"@id\":\"https:\/\/zikmundovavila.cz\/en\/62-zlin-film-festival-tentokrat-i-v-zikmundove-vile#breadcrumb\"},\"inLanguage\":\"en-US\",\"potentialAction\":[{\"@type\":\"ReadAction\",\"target\":[\"https:\/\/zikmundovavila.cz\/en\/62-zlin-film-festival-tentokrat-i-v-zikmundove-vile\"]}]},{\"@type\":\"BreadcrumbList\",\"@id\":\"https:\/\/zikmundovavila.cz\/en\/62-zlin-film-festival-tentokrat-i-v-zikmundove-vile#breadcrumb\",\"itemListElement\":[{\"@type\":\"ListItem\",\"position\":1,\"name\":\"Dom\u016f\",\"item\":\"https:\/\/zikmundovavila.cz\/en\"},{\"@type\":\"ListItem\",\"position\":2,\"name\":\"62. Zl\u00edn Film Festival \u2013 tentokr\u00e1t i v Zikmundov\u011b vile\"}]},{\"@type\":\"WebSite\",\"@id\":\"https:\/\/zikmundovavila.cz\/en#website\",\"url\":\"https:\/\/zikmundovavila.cz\/en\",\"name\":\"Zikmundova vila\",\"description\":\"D\u016fm, ve kter\u00e9m potk\u00e1te cel\u00fd sv\u011bt.\",\"publisher\":{\"@id\":\"https:\/\/zikmundovavila.cz\/en#organization\"},\"potentialAction\":[{\"@type\":\"SearchAction\",\"target\":{\"@type\":\"EntryPoint\",\"urlTemplate\":\"https:\/\/zikmundovavila.cz\/en?s={search_term_string}\"},\"query-input\":\"required name=search_term_string\"}],\"inLanguage\":\"en-US\"},{\"@type\":\"Organization\",\"@id\":\"https:\/\/zikmundovavila.cz\/en#organization\",\"name\":\"Zikmundova vila\",\"url\":\"https:\/\/zikmundovavila.cz\/en\",\"logo\":{\"@type\":\"ImageObject\",\"inLanguage\":\"en-US\",\"@id\":\"https:\/\/zikmundovavila.cz\/en#\/schema\/logo\/image\/\",\"url\":\"https:\/\/zikmundovavila.cz\/wp-content\/uploads\/2022\/09\/logo-2.svg\",\"contentUrl\":\"https:\/\/zikmundovavila.cz\/wp-content\/uploads\/2022\/09\/logo-2.svg\",\"width\":259,\"height\":80,\"caption\":\"Zikmundova vila\"},\"image\":{\"@id\":\"https:\/\/zikmundovavila.cz\/en#\/schema\/logo\/image\/\"}},{\"@type\":\"Person\",\"@id\":\"https:\/\/zikmundovavila.cz\/en#\/schema\/person\/82f531b8ba8a91b9430b0777c2057419\",\"name\":\"ulc\",\"sameAs\":[\"http:\/\/330371.w71.wedos.ws\"]}]}<\/script>\n<!-- \/ Yoast SEO plugin. -->","yoast_head_json":{"title":"62. Zl\u00edn Film Festival \u2013 tentokr\u00e1t i v Zikmundov\u011b vile | Zikmundova vila","robots":{"index":"index","follow":"follow","max-snippet":"max-snippet:-1","max-image-preview":"max-image-preview:large","max-video-preview":"max-video-preview:-1"},"canonical":"https:\/\/zikmundovavila.cz\/en\/62-zlin-film-festival-tentokrat-i-v-zikmundove-vile","og_locale":"en_US","og_type":"article","og_title":"62. Zl\u00edn Film Festival \u2013 tentokr\u00e1t i v Zikmundov\u011b vile | Zikmundova vila","og_description":"Ve dnech 26. \u010dervna \u2013 1. \u010dervence 2022 Zl\u00edn po dvaa\u0161edes\u00e1t\u00e9 o\u017eil filmem pro d\u011bti a ml\u00e1de\u017e. D\u00edky podpo\u0159e Fond\u016f [&hellip;]","og_url":"https:\/\/zikmundovavila.cz\/en\/62-zlin-film-festival-tentokrat-i-v-zikmundove-vile","og_site_name":"Zikmundova vila","article_published_time":"2022-06-02T13:15:47+00:00","og_image":[{"width":2200,"height":1467,"url":"https:\/\/zikmundovavila.cz\/wp-content\/uploads\/2022\/06\/NTD_4748.jpg","type":"image\/jpeg"}],"author":"ulc","twitter_card":"summary_large_image","twitter_misc":{"Written by":"ulc","Est. reading time":"2 minutes"},"schema":{"@context":"https:\/\/schema.org","@graph":[{"@type":"Article","@id":"https:\/\/zikmundovavila.cz\/en\/62-zlin-film-festival-tentokrat-i-v-zikmundove-vile#article","isPartOf":{"@id":"https:\/\/zikmundovavila.cz\/en\/62-zlin-film-festival-tentokrat-i-v-zikmundove-vile"},"author":{"name":"ulc","@id":"https:\/\/zikmundovavila.cz\/en#\/schema\/person\/82f531b8ba8a91b9430b0777c2057419"},"headline":"62. Zl\u00edn Film Festival \u2013 tentokr\u00e1t i v Zikmundov\u011b vile","datePublished":"2022-06-02T13:15:47+00:00","dateModified":"2022-06-02T13:15:47+00:00","mainEntityOfPage":{"@id":"https:\/\/zikmundovavila.cz\/en\/62-zlin-film-festival-tentokrat-i-v-zikmundove-vile"},"wordCount":314,"publisher":{"@id":"https:\/\/zikmundovavila.cz\/en#organization"},"articleSection":["Actuality"],"inLanguage":"en-US"},{"@type":"WebPage","@id":"https:\/\/zikmundovavila.cz\/en\/62-zlin-film-festival-tentokrat-i-v-zikmundove-vile","url":"https:\/\/zikmundovavila.cz\/en\/62-zlin-film-festival-tentokrat-i-v-zikmundove-vile","name":"62. Zl\u00edn Film Festival \u2013 tentokr\u00e1t i v Zikmundov\u011b vile | Zikmundova vila","isPartOf":{"@id":"https:\/\/zikmundovavila.cz\/en#website"},"datePublished":"2022-06-02T13:15:47+00:00","dateModified":"2022-06-02T13:15:47+00:00","breadcrumb":{"@id":"https:\/\/zikmundovavila.cz\/en\/62-zlin-film-festival-tentokrat-i-v-zikmundove-vile#breadcrumb"},"inLanguage":"en-US","potentialAction":[{"@type":"ReadAction","target":["https:\/\/zikmundovavila.cz\/en\/62-zlin-film-festival-tentokrat-i-v-zikmundove-vile"]}]},{"@type":"BreadcrumbList","@id":"https:\/\/zikmundovavila.cz\/en\/62-zlin-film-festival-tentokrat-i-v-zikmundove-vile#breadcrumb","itemListElement":[{"@type":"ListItem","position":1,"name":"Dom\u016f","item":"https:\/\/zikmundovavila.cz\/en"},{"@type":"ListItem","position":2,"name":"62. Zl\u00edn Film Festival \u2013 tentokr\u00e1t i v Zikmundov\u011b vile"}]},{"@type":"WebSite","@id":"https:\/\/zikmundovavila.cz\/en#website","url":"https:\/\/zikmundovavila.cz\/en","name":"Zikmundova vila","description":"D\u016fm, ve kter\u00e9m potk\u00e1te cel\u00fd sv\u011bt.","publisher":{"@id":"https:\/\/zikmundovavila.cz\/en#organization"},"potentialAction":[{"@type":"SearchAction","target":{"@type":"EntryPoint","urlTemplate":"https:\/\/zikmundovavila.cz\/en?s={search_term_string}"},"query-input":"required name=search_term_string"}],"inLanguage":"en-US"},{"@type":"Organization","@id":"https:\/\/zikmundovavila.cz\/en#organization","name":"Zikmundova vila","url":"https:\/\/zikmundovavila.cz\/en","logo":{"@type":"ImageObject","inLanguage":"en-US","@id":"https:\/\/zikmundovavila.cz\/en#\/schema\/logo\/image\/","url":"https:\/\/zikmundovavila.cz\/wp-content\/uploads\/2022\/09\/logo-2.svg","contentUrl":"https:\/\/zikmundovavila.cz\/wp-content\/uploads\/2022\/09\/logo-2.svg","width":259,"height":80,"caption":"Zikmundova vila"},"image":{"@id":"https:\/\/zikmundovavila.cz\/en#\/schema\/logo\/image\/"}},{"@type":"Person","@id":"https:\/\/zikmundovavila.cz\/en#\/schema\/person\/82f531b8ba8a91b9430b0777c2057419","name":"ulc","sameAs":["http:\/\/330371.w71.wedos.ws"]}]}},"_links":{"self":[{"href":"https:\/\/zikmundovavila.cz\/en\/wp-json\/wp\/v2\/posts\/1304"}],"collection":[{"href":"https:\/\/zikmundovavila.cz\/en\/wp-json\/wp\/v2\/posts"}],"about":[{"href":"https:\/\/zikmundovavila.cz\/en\/wp-json\/wp\/v2\/types\/post"}],"author":[{"embeddable":true,"href":"https:\/\/zikmundovavila.cz\/en\/wp-json\/wp\/v2\/users\/1"}],"replies":[{"embeddable":true,"href":"https:\/\/zikmundovavila.cz\/en\/wp-json\/wp\/v2\/comments?post=1304"}],"version-history":[{"count":0,"href":"https:\/\/zikmundovavila.cz\/en\/wp-json\/wp\/v2\/posts\/1304\/revisions"}],"wp:featuredmedia":[{"embeddable":true,"href":"https:\/\/zikmundovavila.cz\/en\/wp-json\/wp\/v2\/media\/1204"}],"wp:attachment":[{"href":"https:\/\/zikmundovavila.cz\/en\/wp-json\/wp\/v2\/media?parent=1304"}],"wp:term":[{"taxonomy":"category","embeddable":true,"href":"https:\/\/zikmundovavila.cz\/en\/wp-json\/wp\/v2\/categories?post=1304"},{"taxonomy":"post_tag","embeddable":true,"href":"https:\/\/zikmundovavila.cz\/en\/wp-json\/wp\/v2\/tags?post=1304"}],"curies":[{"name":"wp","href":"https:\/\/api.w.org\/{rel}","templated":true}]}}